{"id":836,"date":"2020-04-14T16:51:58","date_gmt":"2020-04-14T15:51:58","guid":{"rendered":"https:\/\/conteudos.xl.pt\/fique-em-casa\/?p=836"},"modified":"2020-04-15T10:34:24","modified_gmt":"2020-04-15T09:34:24","slug":"como-lidar-com-a-ansiedade-em-tempo-de-mudanca","status":"publish","type":"post","link":"https:\/\/conteudos.xl.pt\/fique-em-casa\/como-lidar-com-a-ansiedade-em-tempo-de-mudanca\/","title":{"rendered":"Como lidar com a ansiedade em tempo de mudan\u00e7a"},"content":{"rendered":"Lidar com o Stress\n\n\n\n<p>Reconhecer que este \u00e9 um per\u00edodo conturbado para todos \u00e9 o primeiro passo para combater o <em>stress<\/em>.<\/p>\n\n\n\n<p>\u00c9 mais f\u00e1cil suportar a ansiedade do momento quando pensamos que milh\u00f5es de outras pessoas partilham dos mesmos medos. A verdade \u00e9 que n\u00e3o temos controlo sobre o que se passa \u00e0 nossa volta, mas podemos ter sobre a forma como pensamos e agimos. \u00c9 o controlo sobre o nosso pr\u00f3prio bem-estar e sobre o bem-estar dos que nos rodeiam que deve ser o foco principal. <a rel=\"noreferrer noopener\" href=\"http:\/\/www.chts.min-saude.pt\/noticias\/ansiedade-em-tempos-de-isolamento\/\" target=\"_blank\">Cuidar da sa\u00fade mental \u00e9 t\u00e3o importante quanto proteger a sa\u00fade f\u00edsica<\/a>, em qualquer situa\u00e7\u00e3o mas, sobretudo, na mudan\u00e7a.<\/p>\n\n\n<a href=\"https:\/\/www.instagram.com\/p\/B9r7tQtpGxf\/\">https:\/\/www.instagram.com\/p\/B9r7tQtpGxf\/<\/a>\n\n\n\n<p>Em mar\u00e7o, <a rel=\"noreferrer noopener\" href=\"https:\/\/www.who.int\/docs\/default-source\/coronaviruse\/mental-health-considerations.pdf?sfvrsn=6d3578af_2\" target=\"_blank\">a Organiza\u00e7\u00e3o Mundial da Sa\u00fade salientou a import\u00e2ncia de n\u00e3o se desvalorizar quem sofre com a ansiedade<\/a> ou com outras doen\u00e7as psicol\u00f3gicas e psiqui\u00e1tricas durante o surto da pandemia.<\/p>\n\n\n<a href=\"https:\/\/www.facebook.com\/ordemdospsicologos\/videos\/2534918683416917\/\">https:\/\/www.facebook.com\/ordemdospsicologos\/videos\/2534918683416917\/<\/a>\n\n\n\n<h4 class=\"wp-block-heading\"><strong>Alguns conselhos para lidar com uma situa\u00e7\u00e3o de isolamento mantendo o bem-estar<\/strong><\/h4>\n\n\n\n<p>A Associa\u00e7\u00e3o Nacional de Estudantes de Psicologia partilhou no Instagram uma lista de conselhos para ajudar a lidar com as preocupa\u00e7\u00f5es consequentes da covid-19. O objetivo \u00e9 que as pessoas se cuidem, ao mesmo que tempo que permanecem alertas.<\/p>\n\n\n\n<ol class=\"wp-block-list\"><li>\u00c9 importante saber que \u00e9 normal sentir-se mais ansioso, desorientado ou frustrado;<\/li><li>Mantenha h\u00e1bitos de sono saud\u00e1veis;<\/li><li>Aproveite o tempo para fazer atividades de que gosta;<\/li><li>Procure manter um contacto regular com fam\u00edlia e amigos;<\/li><li>Informe-se apenas atrav\u00e9s de fontes oficiais e cred\u00edveis e defina um hor\u00e1rio para consultar as not\u00edcias do dia;<\/li><li>Tenha em mente que o isolamento \u00e9 uma medida de responsabilidade social para todos!<\/li><li>Procure manter a rotina habitual dentro do poss\u00edvel;<\/li><li>Ajude a fam\u00edlia e os amigos a gerir a ansiedade.<\/li><\/ol>\n\n\n<a href=\"https:\/\/www.instagram.com\/p\/B9pR0_RhX4n\/\">https:\/\/www.instagram.com\/p\/B9pR0_RhX4n\/<\/a>\n\n\n\n<h4 class=\"wp-block-heading\"><strong>Como lidar com o <em>stress<\/em><\/strong><\/h4>\n\n\n\n<p>Uma das primeiras medidas tomadas pela Ordem dos Psic\u00f3logos desde o in\u00edcio do surto foi a tradu\u00e7\u00e3o e a partilha dos materiais de apoio divulgados pela Organiza\u00e7\u00e3o Mundial da Sa\u00fade (OMS) sobre <strong>como lidar com o <em>stress<\/em> no surto de covid-19<\/strong> e <strong>como ajudar as crian\u00e7as a lidar com o <em>stress<\/em> no surto de covid-19<\/strong>.<\/p>\n\n\n<div class=\"uk-text-center\">\n<a class=\"uk-button uk-button-large uk-button-danger\" href=\"https:\/\/www.ordemdospsicologos.pt\/ficheiros\/documentos\/como_lidar_com_o_stress_durante_o_surto_de_codvid19_3.pdf\" target=\"blank\">\nConselhos para lidar com o <i>stress<\/i><\/a>\n<\/div>\n\n\n\n\n<div style=\"height:20px\" aria-hidden=\"true\" class=\"wp-block-spacer\"><\/div>\n\n\n<div class=\"uk-text-center\">\n<a class=\"uk-button uk-button-large uk-button-danger\" href=\"https:\/\/www.ordemdospsicologos.pt\/ficheiros\/documentos\/ajudar_as_criana_as_a_lidar_com_o_stress_durante_o_surto_de_covid19_4.pdf\" target=\"blank\">\nConselhos para ajudar as crian\u00e7as<\/a>\n<\/div>\n\n\n\n<\/div>\n<div class=\"uk-container uk-container-small\">\n<div class=\"uk-margin-top uk-margin-bottom\">\n<iframe loading=\"lazy\" width=\"1280\" height=\"720\" src=\"\/\/www.youtube.com\/embed\/YuPp5ns1HZs?rel=0&amp;controls=0&amp;showinfo=0\" frameborder=\"0\" allowfullscreen uk-responsive><\/iframe>\n<\/div>\n<\/div>\n<div class=\"article-body uk-container uk-container-xsmall\">\n\n\n\n\n<p>A Ordem dos Psic\u00f3logos lan\u00e7ou ainda um guia sobre <a href=\"https:\/\/www.ordemdospsicologos.pt\/ficheiros\/documentos\/doc_covid_19_opp.pdf\" target=\"_blank\" rel=\"noreferrer noopener\">como lidar com uma situa\u00e7\u00e3o de isolamento<\/a> e um <a href=\"https:\/\/www.ordemdospsicologos.pt\/ficheiros\/documentos\/covid_19_seniores.pdf\" target=\"_blank\" rel=\"noreferrer noopener\">guia especialmente dedicado ao cidad\u00e3o s\u00e9nior ou familiares<\/a>. Tamb\u00e9m n\u00e3o deixou de lado as dificuldades dos pais que precisam de explicar \u00e0s crian\u00e7as a import\u00e2ncia das medidas de distanciamento social e isolamento, nem os <a href=\"https:\/\/www.ordemdospsicologos.pt\/ficheiros\/documentos\/covid_19_profissionais_saude.pdf\" target=\"_blank\" rel=\"noreferrer noopener\">conselhos de autocuidado e bem-estar para os profissionais de sa\u00fade<\/a> durante a pandemia.<\/p>\n\n\n<a href=\"https:\/\/www.facebook.com\/ordemdospsicologos\/videos\/2917996764961386\/\">https:\/\/www.facebook.com\/ordemdospsicologos\/videos\/2917996764961386\/<\/a>\n\n\n\n<p>Cuide da sua sa\u00fade mental e cuide tamb\u00e9m daqueles que o rodeiam, mesmo que \u00e0 dist\u00e2ncia. Partilhem estas informa\u00e7\u00f5es com a fam\u00edlia e os amigos. N\u00e3o deixe que a ansiedade, a preocupa\u00e7\u00e3o e o medo sejam mais contagiosos do que o v\u00edrus!<\/p>\n\n\n<div class=\"uk-text-center\">\n<a class=\"uk-button uk-button-large uk-button-danger\" href=\"https:\/\/www.ordemdospsicologos.pt\/ficheiros\/documentos\/covid_19_pandemia_sem_exageros.pdf\" target=\"blank\">\nConselhos para uma pandemia sem exageros<\/a>\n<\/div>\n\n\n\n\n<p>Desde 1 de abril que est\u00e1 dispon\u00edvel uma Linha de Aconselhamento Psicol\u00f3gico no SNS24. Esta linha de apoio conta com 63 psic\u00f3logos, que prestam aconselhamento em duas vias: uma para os profissionais de sa\u00fade e outra para a popula\u00e7\u00e3o em geral.<\/p>\n","protected":false},"excerpt":{"rendered":"<p>Reconhecer que este \u00e9 um per\u00edodo conturbado para todos \u00e9 o primeiro passo para combater o stress. \u00c9 mais f\u00e1cil suportar a ansiedade do momento quando pensamos que milh\u00f5es de outras pessoas partilham dos mesmos medos. A verdade \u00e9 que n\u00e3o temos controlo sobre o que se passa \u00e0 nossa volta, mas podemos ter sobre [&hellip;]<\/p>\n","protected":false},"author":32,"featured_media":842,"comment_status":"closed","ping_status":"open","sticky":false,"template":"","format":"standard","meta":{"footnotes":""},"categories":[1],"tags":[],"class_list":["post-836","post","type-post","status-publish","format-standard","has-post-thumbnail","hentry","category-uncategorised"],"_links":{"self":[{"href":"https:\/\/conteudos.xl.pt\/fique-em-casa\/wp-json\/wp\/v2\/posts\/836","targetHints":{"allow":["GET"]}}],"collection":[{"href":"https:\/\/conteudos.xl.pt\/fique-em-casa\/wp-json\/wp\/v2\/posts"}],"about":[{"href":"https:\/\/conteudos.xl.pt\/fique-em-casa\/wp-json\/wp\/v2\/types\/post"}],"author":[{"embeddable":true,"href":"https:\/\/conteudos.xl.pt\/fique-em-casa\/wp-json\/wp\/v2\/users\/32"}],"replies":[{"embeddable":true,"href":"https:\/\/conteudos.xl.pt\/fique-em-casa\/wp-json\/wp\/v2\/comments?post=836"}],"version-history":[{"count":5,"href":"https:\/\/conteudos.xl.pt\/fique-em-casa\/wp-json\/wp\/v2\/posts\/836\/revisions"}],"predecessor-version":[{"id":1085,"href":"https:\/\/conteudos.xl.pt\/fique-em-casa\/wp-json\/wp\/v2\/posts\/836\/revisions\/1085"}],"wp:featuredmedia":[{"embeddable":true,"href":"https:\/\/conteudos.xl.pt\/fique-em-casa\/wp-json\/wp\/v2\/media\/842"}],"wp:attachment":[{"href":"https:\/\/conteudos.xl.pt\/fique-em-casa\/wp-json\/wp\/v2\/media?parent=836"}],"wp:term":[{"taxonomy":"category","embeddable":true,"href":"https:\/\/conteudos.xl.pt\/fique-em-casa\/wp-json\/wp\/v2\/categories?post=836"},{"taxonomy":"post_tag","embeddable":true,"href":"https:\/\/conteudos.xl.pt\/fique-em-casa\/wp-json\/wp\/v2\/tags?post=836"}],"curies":[{"name":"wp","href":"https:\/\/api.w.org\/{rel}","templated":true}]}}